{"id":10449,"date":"2021-06-02T12:00:00","date_gmt":"2021-06-02T10:00:00","guid":{"rendered":"https:\/\/www.france-pronos.com\/blog\/?p=10449"},"modified":"2024-02-13T19:33:25","modified_gmt":"2024-02-13T18:33:25","slug":"sondage-etude-ifop-les-francais-et-le-retour-de-benzema-en-selection-un-passe-qui-ne-passe-pas","status":"publish","type":"post","link":"https:\/\/www.france-pronos.com\/blog\/paris-sportifs\/sondage-etude-ifop-les-francais-et-le-retour-de-benzema-en-selection-un-passe-qui-ne-passe-pas\/","title":{"rendered":"Sondage &#038; \u00e9tude IFOP. Les fran\u00e7ais et le retour de Benzema en s\u00e9lection : un pass\u00e9 qui ne passe pas ?"},"content":{"rendered":"<p><\/p>\n\n\n\t<div id=\"gap-39769993\" class=\"gap-element clearfix\" style=\"display:block; height:auto;\">\n\t\t\n<style>\n#gap-39769993 {\n  padding-top: 30px;\n}\n<\/style>\n\t<\/div>\n\t\r\n\r\n<div class=\"message-box relative dark\" style=\"padding-top:15px;padding-bottom:15px;\"><div class=\"message-box-bg-image bg-fill fill\" ><\/div><div class=\"message-box-bg-overlay bg-fill fill\" style=\"background-color:rgb(3, 84, 173);\"><\/div><div class=\"container relative\"><div class=\"inner last-reset\">\r\n\r\n<div class=\"row align-middle align-center\"  id=\"row-1160692205\">\r\n\r\n\n\t<div id=\"col-626217582\" class=\"col medium-9 small-12 large-9\"  >\n\t\t<div class=\"col-inner\"  >\n\t\t\t\n\t\t\t\r\n<p style=\"text-align: left;\"><span style=\"font-size: 120%; color: #ffffff;\"><strong>Re\u00e7ois + de 250 pronostics sportifs par mois publi\u00e9s par des experts<\/strong><\/span><\/p>\r\n\r\n<div style=\"text-align: justify;\">France Pronos c\u2019est l\u2019union de + de 10 experts. Chaque tipster, sp\u00e9cialis\u00e9 dans sa discipline, analyse son sport et publie son pronostic d\u00e8s qu\u2019il a trouv\u00e9 une cible. Rejoins une communaut\u00e9 de + de 100.000 parieurs qui suit quotidiennement les experts de France Pronos. Nos analyses ne garantissent pas les gains. Jouez responsable !<\/div>\r\n\t<div id=\"gap-60250410\" class=\"gap-element clearfix show-for-small\" style=\"display:block; height:auto;\">\n\t\t\n<style>\n#gap-60250410 {\n  padding-top: 20px;\n}\n@media (min-width:550px) {\n  #gap-60250410 {\n    padding-top: 30px;\n  }\n}\n<\/style>\n\t<\/div>\n\t\r\n\r\n\t\t<\/div>\n\t\t\t<\/div>\n\n\t\r\n\n\t<div id=\"col-1505688030\" class=\"col medium-3 small-12 large-3\"  >\n\t\t<div class=\"col-inner text-center\"  >\n\t\t\t\n\t\t\t\r\n\r\n<a href=\"https:\/\/www.france-pronos.com\/?source=blog\" target=\"_self\" class=\"button secondary expand\"  style=\"border-radius:49px;\">\n    <span>En savoir +<\/span>\n  <\/a>\n\r\n\r\n\t\t<\/div>\n\t\t\t<\/div>\n\n\t\r\n\r\n<\/div>\r\n\r\n<\/div><\/div><\/div>\r\n\t<div id=\"gap-179607182\" class=\"gap-element clearfix\" style=\"display:block; height:auto;\">\n\t\t\n<style>\n#gap-179607182 {\n  padding-top: 30px;\n}\n<\/style>\n\t<\/div>\n\t<\/p>\n\n\n\n<div class=\"wp-block-columns is-layout-flex wp-container-3 wp-block-columns-is-layout-flex\">\n<div class=\"wp-block-column is-layout-flow wp-block-column-is-layout-flow\" style=\"flex-basis:100%\">\n<div class=\"wp-block-group is-layout-flow wp-block-group-is-layout-flow\"><div class=\"wp-block-group__inner-container\">\n<p><strong>A l\u2019occasion du grand retour de Karim Benzema en bleu, ce mercredi, contre les Pays de Galles, France-Pronos.com a command\u00e9 \u00e0 l\u2019Ifop une enqu\u00eate cherchant \u00e0 mesurer les espoirs mais aussi les craintes suscit\u00e9es par la s\u00e9lection d\u2019un joueur dont le talent actuel n\u2019efface pas un pass\u00e9 entach\u00e9 de nombreuses pol\u00e9miques. R\u00e9alis\u00e9e aupr\u00e8s d\u2019aupr\u00e8s d\u2019un \u00e9chantillon national repr\u00e9sentatif de 1 500 Fran\u00e7ais, cette \u00e9tude montre que si le Madril\u00e8ne leur appara\u00eet comme un \u00ab plus \u00bb sur le terrain, il est aussi per\u00e7u comme un potentiel fauteur de troubles au sein de l&rsquo;\u00e9quipe et au sein d\u2019une soci\u00e9t\u00e9 fran\u00e7aise qui d\u00e9sapprouve, sur le principe, la s\u00e9lection d\u2019un joueur appel\u00e9 prochainement \u00e0 compara\u00eetre devant la justice, ayant sous-entendu dans le pass\u00e9 que son \u00e9viction \u00e9tait raciste ou qui ne chante jamais la Marseillaise avant les matchs.<\/strong><\/p>\n<\/div><\/div>\n<\/div>\n<\/div>\n\n\n\n<div id=\"ez-toc-container\" class=\"ez-toc-v2_0_76 counter-hierarchy ez-toc-counter ez-toc-custom ez-toc-container-direction\">\n<p class=\"ez-toc-title\" style=\"cursor:inherit\">Sommaire<\/p>\n<label for=\"ez-toc-cssicon-toggle-item-69f139e59d4d6\" class=\"ez-toc-cssicon-toggle-label\"><span class=\"\"><span class=\"eztoc-hide\" style=\"display:none;\">Toggle<\/span><span class=\"ez-toc-icon-toggle-span\"><svg style=\"fill: #0455ad;color:#0455ad\" xmlns=\"http:\/\/www.w3.org\/2000\/svg\" class=\"list-377408\" width=\"20px\" height=\"20px\" viewBox=\"0 0 24 24\" fill=\"none\"><path d=\"M6 6H4v2h2V6zm14 0H8v2h12V6zM4 11h2v2H4v-2zm16 0H8v2h12v-2zM4 16h2v2H4v-2zm16 0H8v2h12v-2z\" fill=\"currentColor\"><\/path><\/svg><svg style=\"fill: #0455ad;color:#0455ad\" class=\"arrow-unsorted-368013\" xmlns=\"http:\/\/www.w3.org\/2000\/svg\" width=\"10px\" height=\"10px\" viewBox=\"0 0 24 24\" version=\"1.2\" baseProfile=\"tiny\"><path d=\"M18.2 9.3l-6.2-6.3-6.2 6.3c-.2.2-.3.4-.3.7s.1.5.3.7c.2.2.4.3.7.3h11c.3 0 .5-.1.7-.3.2-.2.3-.5.3-.7s-.1-.5-.3-.7zM5.8 14.7l6.2 6.3 6.2-6.3c.2-.2.3-.5.3-.7s-.1-.5-.3-.7c-.2-.2-.4-.3-.7-.3h-11c-.3 0-.5.1-.7.3-.2.2-.3.5-.3.7s.1.5.3.7z\"\/><\/svg><\/span><\/span><\/label><input type=\"checkbox\"  id=\"ez-toc-cssicon-toggle-item-69f139e59d4d6\"  aria-label=\"Toggle\" \/><nav><ul class='ez-toc-list ez-toc-list-level-1 ' ><li class='ez-toc-page-1 ez-toc-heading-level-2'><a class=\"ez-toc-link ez-toc-heading-1\" href=\"https:\/\/www.france-pronos.com\/blog\/paris-sportifs\/sondage-etude-ifop-les-francais-et-le-retour-de-benzema-en-selection-un-passe-qui-ne-passe-pas\/#Benzema_une_selection_en_bleu_qui_ne_fait_pas_autant_lunanimite_que_celle_des_%C2%AB_tauliers_%C2%BB_de_lequipe\" >Benzema : une s\u00e9lection en bleu qui ne fait pas autant l\u2019unanimit\u00e9 que celle des \u00ab tauliers \u00bb de l\u2019\u00e9quipe<\/a><ul class='ez-toc-list-level-3' ><li class='ez-toc-heading-level-3'><a class=\"ez-toc-link ez-toc-heading-2\" href=\"https:\/\/www.france-pronos.com\/blog\/paris-sportifs\/sondage-etude-ifop-les-francais-et-le-retour-de-benzema-en-selection-un-passe-qui-ne-passe-pas\/#Ladhesion_a_la_selection_des_attaquants_de_lequipe_de_France\" >L\u2019adh\u00e9sion \u00e0 la s\u00e9lection des attaquants de l&rsquo;\u00e9quipe de France<\/a><\/li><\/ul><\/li><li class='ez-toc-page-1 ez-toc-heading-level-2'><a class=\"ez-toc-link ez-toc-heading-3\" href=\"https:\/\/www.france-pronos.com\/blog\/paris-sportifs\/sondage-etude-ifop-les-francais-et-le-retour-de-benzema-en-selection-un-passe-qui-ne-passe-pas\/#Le_remplacement_de_Giroud_par_Benzema_un_choix_qui_est_tres_loin_de_faire_lunanimite\" >Le remplacement de Giroud par Benzema&nbsp;: un choix qui est tr\u00e8s loin de faire l\u2019unanimit\u00e9<\/a><ul class='ez-toc-list-level-3' ><li class='ez-toc-heading-level-3'><a class=\"ez-toc-link ez-toc-heading-4\" href=\"https:\/\/www.france-pronos.com\/blog\/paris-sportifs\/sondage-etude-ifop-les-francais-et-le-retour-de-benzema-en-selection-un-passe-qui-ne-passe-pas\/#Le_choix_du_meilleur_avant-centre_entre_O_Giroud_et_K_Benzema_selon_linteret_pour_le_football\" >Le choix du meilleur avant-centre entre O. Giroud et K. Benzema selon l\u2019int\u00e9r\u00eat pour le football<\/a><\/li><li class='ez-toc-page-1 ez-toc-heading-level-3'><a class=\"ez-toc-link ez-toc-heading-5\" href=\"https:\/\/www.france-pronos.com\/blog\/paris-sportifs\/sondage-etude-ifop-les-francais-et-le-retour-de-benzema-en-selection-un-passe-qui-ne-passe-pas\/#Le_choix_du_meilleur_avant-centre_entre_O_Giroud_et_K_Benzema_selon_les_caracteristiques_politiques_ideologiques_et_identitaires\" >Le choix du meilleur avant-centre entre O. Giroud et K. Benzema selon les caract\u00e9ristiques politiques, id\u00e9ologiques et identitaires<\/a><\/li><\/ul><\/li><li class='ez-toc-page-1 ez-toc-heading-level-2'><a class=\"ez-toc-link ez-toc-heading-6\" href=\"https:\/\/www.france-pronos.com\/blog\/paris-sportifs\/sondage-etude-ifop-les-francais-et-le-retour-de-benzema-en-selection-un-passe-qui-ne-passe-pas\/#Le_retour_de_Benzema_un_gage_de_victoire_mais_aussi_une_source_potentielle_de_tensions_au_sein_de_lequipe_et_de_la_societe_francaise\" >Le retour de Benzema, un gage de victoire mais aussi une source potentielle de tensions au sein de l&rsquo;\u00e9quipe et de la soci\u00e9t\u00e9 fran\u00e7aise<\/a><ul class='ez-toc-list-level-3' ><li class='ez-toc-heading-level-3'><a class=\"ez-toc-link ez-toc-heading-7\" href=\"https:\/\/www.france-pronos.com\/blog\/paris-sportifs\/sondage-etude-ifop-les-francais-et-le-retour-de-benzema-en-selection-un-passe-qui-ne-passe-pas\/#La_perception_des_potentielles_consequences_de_la_selection_de_Karim_Benzema\" >La perception des potentielles cons\u00e9quences de la s\u00e9lection de Karim Benzema<\/a><\/li><\/ul><\/li><li class='ez-toc-page-1 ez-toc-heading-level-2'><a class=\"ez-toc-link ez-toc-heading-8\" href=\"https:\/\/www.france-pronos.com\/blog\/paris-sportifs\/sondage-etude-ifop-les-francais-et-le-retour-de-benzema-en-selection-un-passe-qui-ne-passe-pas\/#Un_desaveu_massif_des_actions_ou_declarations_passees_du_joueur_du_Real_de_Madrid\" >Un d\u00e9saveu massif des actions ou d\u00e9clarations pass\u00e9es du joueur du R\u00e9al de Madrid<\/a><ul class='ez-toc-list-level-3' ><li class='ez-toc-heading-level-3'><a class=\"ez-toc-link ez-toc-heading-9\" href=\"https:\/\/www.france-pronos.com\/blog\/paris-sportifs\/sondage-etude-ifop-les-francais-et-le-retour-de-benzema-en-selection-un-passe-qui-ne-passe-pas\/#Lopinion_sur_les_declarations_ou_comportements_passes_de_Karim_Benzema\" >L\u2019opinion sur les d\u00e9clarations ou comportements pass\u00e9s de Karim Benzema<\/a><\/li><\/ul><\/li><li class='ez-toc-page-1 ez-toc-heading-level-2'><a class=\"ez-toc-link ez-toc-heading-10\" href=\"https:\/\/www.france-pronos.com\/blog\/paris-sportifs\/sondage-etude-ifop-les-francais-et-le-retour-de-benzema-en-selection-un-passe-qui-ne-passe-pas\/#Les_Francais_souhaitent_que_Karim_Benzema_comme_les_autres_joueurs_selectionnes_en_equipe_de_France_chante_lhymne_national_avant_les_matchs\" >Les Fran\u00e7ais souhaitent que Karim Benzema, comme les autres joueurs s\u00e9lectionn\u00e9s en \u00e9quipe de France, chante l\u2019hymne national avant les matchs<\/a><\/li><li class='ez-toc-page-1 ez-toc-heading-level-2'><a class=\"ez-toc-link ez-toc-heading-11\" href=\"https:\/\/www.france-pronos.com\/blog\/paris-sportifs\/sondage-etude-ifop-les-francais-et-le-retour-de-benzema-en-selection-un-passe-qui-ne-passe-pas\/#Plus_dinformations_sur_ce_sondage\" >Plus d&rsquo;informations sur ce sondage<\/a><\/li><\/ul><\/nav><\/div>\n<h2 class=\"wp-block-heading\"><span class=\"ez-toc-section\" id=\"Benzema_une_selection_en_bleu_qui_ne_fait_pas_autant_lunanimite_que_celle_des_%C2%AB_tauliers_%C2%BB_de_lequipe\"><\/span>Benzema : une s\u00e9lection en bleu qui ne fait pas autant l\u2019unanimit\u00e9 que celle des \u00ab tauliers \u00bb de l\u2019\u00e9quipe<span class=\"ez-toc-section-end\"><\/span><\/h2>\n\n\n\n<p><strong>Si le retour de Benzema est salu\u00e9 par un peu plus d\u2019un Fran\u00e7ais sur deux, la s\u00e9lection du Madril\u00e8ne est loin de faire autant l\u2019unanimit\u00e9 que celle des \u00ab&nbsp;tauliers&nbsp;\u00bb ayant conduit l\u2019attaque des bleus ces derni\u00e8res ann\u00e9es (ex : Mbapp\u00e9, Griezmann&#8230;), y compris celle de ceux aujourd&rsquo;hui en baisse de r\u00e9gime comme Olivier Giroud (71%).<\/strong><\/p>\n\n\n\n<p>Malgr\u00e9 un net retour en gr\u00e2ce par rapport au niveau mesur\u00e9 avant la coupe du monde en Russie (+ 21 points), le madril\u00e8ne affiche encore une des plus faibles \u00ab&nbsp;cotes de popularit\u00e9&nbsp;\u00bb des attaquants s\u00e9lectionn\u00e9s cette ann\u00e9e&nbsp;: 58%, ce qui le situe au&nbsp;septi\u00e8me rang sur huit en termes d\u2019approbation, juste devant Wissam Ben Yedder. L\u2019envie de le voir d\u00e9fendre le maillot bleu est toutefois bien plus marqu\u00e9e chez les vrais amateurs de foot (79%), beaucoup plus au fait de ses performances en club, signe que le c\u00f4t\u00e9 strictement sportif prend, chez eux, plus le pas dans leur jugement.<\/p>\n\n\n\n<h3 class=\"wp-block-heading\"><span class=\"ez-toc-section\" id=\"Ladhesion_a_la_selection_des_attaquants_de_lequipe_de_France\"><\/span><strong>L\u2019adh\u00e9sion \u00e0 la s\u00e9lection des attaquants de l&rsquo;\u00e9quipe de France<\/strong><span class=\"ez-toc-section-end\"><\/span><\/h3>\n\n\n\n<p><img decoding=\"async\" loading=\"lazy\" width=\"665\" height=\"426\" class=\"wp-image-10447\" style=\"width: 750px;\" src=\"https:\/\/www.france-pronos.com\/blog\/wp-content\/uploads\/2021\/06\/image006.jpg\" alt=\"cote popularit\u00e9 attaquants \u00e9quipe de france\" srcset=\"https:\/\/www.france-pronos.com\/blog\/wp-content\/uploads\/2021\/06\/image006.jpg 665w, https:\/\/www.france-pronos.com\/blog\/wp-content\/uploads\/2021\/06\/image006-624x400.jpg 624w\" sizes=\"(max-width: 665px) 100vw, 665px\" \/><\/p>\n\n\n\n<h2 class=\"wp-block-heading\"><span class=\"ez-toc-section\" id=\"Le_remplacement_de_Giroud_par_Benzema_un_choix_qui_est_tres_loin_de_faire_lunanimite\"><\/span>Le remplacement de Giroud par Benzema&nbsp;: un choix qui est tr\u00e8s loin de faire l\u2019unanimit\u00e9<span class=\"ez-toc-section-end\"><\/span><\/h2>\n\n\n\n<p><strong>Alors que la mise \u00e0 l&rsquo;\u00e9cart de Karim Benzema \u00e0 partir de 2015 avait permis \u00e0 Olivier Giroud de s\u2019imposer comme l\u2019avant-centre r\u00e9f\u00e9rence des Bleus, le retour du madril\u00e8ne au sein de l\u2019\u00e9quipe de France remet en question la place de l\u2019ex-montpelli\u00e9rain \u00e0 la pointe de l&rsquo;attaque tricolore. Or, dans un pays de \u00ab&nbsp;60 millions de s\u00e9lectionneurs&nbsp;\u00bb, le remplacement de Giroud par Benzema semble tr\u00e8s loin de faire l\u2019unanimit\u00e9 :&nbsp;<\/strong>les Fran\u00e7ais souhaitant que le poste d&rsquo;avant-centre des bleus revienne \u00e0 Giroud \u00e9tant aussi nombreux (45%) que ceux qui pensent qu\u2019il devrait revenir \u00e0 Benzema (46%). Chez les amateurs de foot plus au fait du niveau actuel des deux attaquants, le madril\u00e8ne (62%) devance en revanche tr\u00e8s nettement le joueur de Chelsea (35%).&nbsp;<\/p>\n\n\n\n<p>L\u2019analyse des r\u00e9sultats confirme quant \u00e0 elle que le choix entre ces deux grands \u00ab rivaux \u00bb du foot fran\u00e7ais s\u2019av\u00e8re beaucoup plus fond\u00e9 sur des consid\u00e9rations extra sportives qu\u2019\u00e0 la qualit\u00e9 r\u00e9elle de leur jeu. Pr\u00e9sent\u00e9 par des personnalit\u00e9s influentes sur les r\u00e9seaux sociaux (ex : Belattar, Booba\u2026) comme la victime d\u2019un racisme li\u00e9 \u00e0 ses origines ethniques (\u00ab&nbsp;maghr\u00e9bin&nbsp;\u00bb) ou sociales (\u00ab&nbsp;jeunes des cit\u00e9s&nbsp;\u00bb), le madril\u00e8ne dispose ainsi d\u2019un soutien massif des minorit\u00e9s \u2013 79% par les musulmans, 59% par les personnes per\u00e7ues comme \u00ab&nbsp;racis\u00e9es&nbsp;\u00bb \u2013&nbsp; et des Fran\u00e7ais situ\u00e9s \u00e0 la gauche de la gauche (66% chez les sympathisants LFI). A l\u2019inverse, le choix d\u2019Olivier Giroud est plus port\u00e9 par les Fran\u00e7ais d\u2019extr\u00eame droite (55% chez les sympathisants RN) et les personnes se percevant \u00ab&nbsp;non racis\u00e9es&nbsp;\u00bb (50%).<\/p>\n\n\n\n<p><strong>Dans ce \u00ab&nbsp;match&nbsp;\u00bb pour la place d\u2019avant-centre, le choix des Fran\u00e7ais semble s\u2019op\u00e9rer ainsi beaucoup plus sur des crit\u00e8res \u00ab politiques \u00bb et \u00ab&nbsp;identitaires&nbsp;\u00bb que sur des consid\u00e9rations strictement \u00ab sportives \u00bb.<\/strong><\/p>\n\n\n\n<h3 class=\"wp-block-heading\"><span class=\"ez-toc-section\" id=\"Le_choix_du_meilleur_avant-centre_entre_O_Giroud_et_K_Benzema_selon_linteret_pour_le_football\"><\/span><strong>Le choix du meilleur avant-centre entre O. Giroud et K. Benzema selon l\u2019int\u00e9r\u00eat pour le football<\/strong><span class=\"ez-toc-section-end\"><\/span><\/h3>\n\n\n\n<p><img decoding=\"async\" loading=\"lazy\" width=\"694\" height=\"450\" class=\"wp-image-10446\" style=\"width: 750px;\" src=\"https:\/\/www.france-pronos.com\/blog\/wp-content\/uploads\/2021\/06\/image007.jpg\" alt=\"meilleur avant centre giroud benzema coupe du monde euro\" srcset=\"https:\/\/www.france-pronos.com\/blog\/wp-content\/uploads\/2021\/06\/image007.jpg 694w, https:\/\/www.france-pronos.com\/blog\/wp-content\/uploads\/2021\/06\/image007-617x400.jpg 617w\" sizes=\"(max-width: 694px) 100vw, 694px\" \/><\/p>\n\n\n\n<p><strong>Tr\u00e8s r\u00e9v\u00e9latrice des fractures identitaires actuelles, la profondeur du clivage \u00ab&nbsp;Giroud-Benzema&nbsp;\u00bb<\/strong>&nbsp;tient probablement \u00e0 l\u2019image cliv\u00e9e que le madril\u00e8ne a pu renvoyer ces derni\u00e8res ann\u00e9es. Apparaissant comme un&nbsp;<strong>symbole d\u2019une jeunesse des cit\u00e9s discrimin\u00e9e \u00e0 cause de ses origines<\/strong>, Karim Benzema constitue clairement&nbsp;<strong>\u00ab&nbsp;<em>une figure d\u2019identification aupr\u00e8s d\u2019une certaine fraction de la jeunesse de cit\u00e9<\/em><\/strong>&nbsp;\u00bb&nbsp;<strong>qui souffre \u00e0 la fois d\u2019un sentiment d&rsquo;exclusion et de discrimination. A l\u2019inverse, pour toute une autre partie de la population, il incarne l\u2019image sociale du \u00ab bad boy \u00bb qui n\u2019a \u00ab&nbsp;pas la l\u00e9gitimit\u00e9 \u00e0 porter le maillot de l\u2019\u00e9quipe de France et [\u00e0] repr\u00e9senter dignement le pays \u00bb<\/strong>&nbsp;(Akim Oualhaci &amp;, St\u00e9phane Beaud, \u00abL\u2019affaire Benzema remise en perspective\u00bb, La Vie des id\u00e9es, 8 mars 2016).<\/p>\n\n\n\n<h3 class=\"wp-block-heading\"><span class=\"ez-toc-section\" id=\"Le_choix_du_meilleur_avant-centre_entre_O_Giroud_et_K_Benzema_selon_les_caracteristiques_politiques_ideologiques_et_identitaires\"><\/span><strong>Le choix du meilleur avant-centre entre O. Giroud et K. Benzema selon les caract\u00e9ristiques politiques, id\u00e9ologiques et identitaires<\/strong><span class=\"ez-toc-section-end\"><\/span><\/h3>\n\n\n\n<p><img decoding=\"async\" loading=\"lazy\" width=\"654\" height=\"398\" class=\"wp-image-10445\" style=\"width: 750px;\" src=\"https:\/\/www.france-pronos.com\/blog\/wp-content\/uploads\/2021\/06\/image008.jpg\" alt=\"meilleur avant centre giroud benzema\"><\/p>\n\n\n\n<h2 class=\"wp-block-heading\"><span class=\"ez-toc-section\" id=\"Le_retour_de_Benzema_un_gage_de_victoire_mais_aussi_une_source_potentielle_de_tensions_au_sein_de_lequipe_et_de_la_societe_francaise\"><\/span>Le retour de Benzema, un gage de victoire mais aussi une source potentielle de tensions au sein de l&rsquo;\u00e9quipe et de la soci\u00e9t\u00e9 fran\u00e7aise<span class=\"ez-toc-section-end\"><\/span><\/h2>\n\n\n\n<p><strong><strong>Il ressort \u00e9galement de l\u2019\u00e9tude une certaine dualit\u00e9 dans le jugement que les Fran\u00e7ais portent sur les cons\u00e9quences possibles de son retour en bleu<\/strong>. <\/strong>Ils sont dans une optique plut\u00f4t positive pour ce qui est du c\u00f4t\u00e9 sportif (62% pensent que cela va augmenter les chances de victoire de l\u2019\u00e9quipe de France) mais beaucoup plus sceptiques pour son impact en dehors du terrain.&nbsp; Ainsi,<strong>&nbsp;<strong>une majorit\u00e9 de la population estime que son retour va cr\u00e9er des tensions au sein de l&rsquo;\u00e9quipe (51%) et surtout au sein de la soci\u00e9t\u00e9 fran\u00e7aise autour de l&rsquo;\u00e9quipe de France (55%).<\/strong><\/strong><\/p>\n\n\n\n<h3 class=\"wp-block-heading\"><span class=\"ez-toc-section\" id=\"La_perception_des_potentielles_consequences_de_la_selection_de_Karim_Benzema\"><\/span><strong>La perception des potentielles cons\u00e9quences de la s\u00e9lection de Karim Benzema<\/strong><span class=\"ez-toc-section-end\"><\/span><\/h3>\n\n\n\n<p><img decoding=\"async\" loading=\"lazy\" width=\"575\" height=\"363\" class=\"wp-image-10444\" style=\"width: 750px;\" src=\"https:\/\/www.france-pronos.com\/blog\/wp-content\/uploads\/2021\/06\/image009.jpg\" alt=\"cons\u00e9quences positives n\u00e9gatives du retour de benzema\"><\/p>\n\n\n\n<p>L\u00e0 encore, cette appr\u00e9hension sur son impact s\u2019av\u00e8re largement politis\u00e9e&nbsp;: 40% des personnes assumant avoir des pens\u00e9es racistes le sugg\u00e8rent, contre 27% de ceux n\u2019en ayant jamais. Les sympathisants LFI sont 26% \u00e0 croire que cela sera le cas, contre deux fois plus de sympathisants RN\u2026 Pour ceux qui voient avant tout l\u2019attaquant du Real Madrid comme un jeune impr\u00e9gn\u00e9 d\u2019une \u201cculture des cit\u00e9s\u201d violente et agressive, il appara\u00eetrait ainsi comme le parfait futur responsable de probl\u00e8mes d\u2019ordre extra sportifs.<\/p>\n\n\n\n<h2 class=\"wp-block-heading\"><span class=\"ez-toc-section\" id=\"Un_desaveu_massif_des_actions_ou_declarations_passees_du_joueur_du_Real_de_Madrid\"><\/span>Un d\u00e9saveu massif des actions ou d\u00e9clarations pass\u00e9es du joueur du R\u00e9al de Madrid<span class=\"ez-toc-section-end\"><\/span><\/h2>\n\n\n\n<p><strong>Si le retour de Karim Benzema est salu\u00e9 par une (courte) majorit\u00e9 de Fran\u00e7ais, ce n&rsquo;est pas pour autant qu\u2019ils approuvent la pr\u00e9sence chez les bleus d\u2019un joueur ayant pu tenir ses propos ces derni\u00e8res ann\u00e9es. En effet, lorsqu\u2019on leur demande \u2013 sans leur pr\u00e9ciser que Karim Benzema en \u00e9tait l\u2019auteur \u2013 leur point de vue sur les comportements ou les d\u00e9clarations qu\u2019il a pu faire, ils les condamnent massivement.<\/strong><\/p>\n\n\n\n<p>Ainsi,&nbsp;<strong>une tr\u00e8s large majorit\u00e9 de Fran\u00e7ais (80% chez ceux ayant une opinion sur le sujet) d\u00e9sapprouve la pr\u00e9sence en bleu d\u2019un joueur qui a d\u00e9clar\u00e9 que&nbsp;Didier Deschamps avait&nbsp;<em>\u00ab c\u00e9d\u00e9 \u00e0 la pression d\u2019une partie raciste<\/em><\/strong><em>&nbsp;de la France \u00bb&nbsp;<\/em>en refusant de le s\u00e9lectionner dans l\u2019\u00e9quipe,&nbsp;qui a dit que son choix pour l&rsquo;\u00e9quipe de France \u00e9tait plus un choix sportif qu\u2019un choix du c\u0153ur (81%) ou qui a d\u00e9clar\u00e9 qu\u2019on ne pouvait le comparer \u00e0 Olivier Giroud car il ne fallait pas confondre une \u00ab formule 1 \u00bb et un \u00ab karting \u00bb (82%).<\/p>\n\n\n\n<p><strong>Mais au-del\u00e0 du pass\u00e9, il est important de signaler que l\u2019opinion publique condamne fortement (79%) la pr\u00e9sence en bleu d\u2019un joueur appel\u00e9 prochainement \u00e0 compara\u00eetre devant la justice<\/strong> pour&nbsp;<em>\u00ab complicit\u00e9 de tentative de chantage \u00bb&nbsp;<\/em>envers un de ses co-\u00e9quipiers. Le revirement de la position de Didier Deschamps sur le sujet n\u2019est donc pas approuv\u00e9 quand on rappelle aux Fran\u00e7ais toutes les actions ou d\u00e9clarations pass\u00e9es du joueur\u2026<\/p>\n\n\n\n<h3 class=\"wp-block-heading\"><span class=\"ez-toc-section\" id=\"Lopinion_sur_les_declarations_ou_comportements_passes_de_Karim_Benzema\"><\/span><strong><strong>L\u2019opinion sur les d\u00e9clarations ou comportements pass\u00e9s de Karim Benzema<\/strong><\/strong><span class=\"ez-toc-section-end\"><\/span><\/h3>\n\n\n\n<p><img decoding=\"async\" loading=\"lazy\" width=\"609\" height=\"396\" class=\"wp-image-10443\" style=\"width: 750px;\" src=\"https:\/\/www.france-pronos.com\/blog\/wp-content\/uploads\/2021\/06\/image010.jpg\" alt=\"benzema hymne national raciste alg\u00e9rie karting formule 1 justice\"><\/p>\n\n\n\n<p>Enfin, 82% des Fran\u00e7ais (ayant un avis sur le sujet) estiment qu\u2019un joueur qui ne chante pas la Marseillaise ne devrait pas \u00eatre s\u00e9lectionn\u00e9, ce qui pose probl\u00e8me quand on sait que le madril\u00e8ne ne l\u2019a jamais chant\u00e9\u2026<\/p>\n\n\n\n<h2 class=\"wp-block-heading\"><span class=\"ez-toc-section\" id=\"Les_Francais_souhaitent_que_Karim_Benzema_comme_les_autres_joueurs_selectionnes_en_equipe_de_France_chante_lhymne_national_avant_les_matchs\"><\/span>Les Fran\u00e7ais souhaitent que Karim Benzema, comme les autres joueurs s\u00e9lectionn\u00e9s en \u00e9quipe de France, chante l\u2019hymne national avant les matchs<span class=\"ez-toc-section-end\"><\/span><\/h2>\n\n\n\n<p><strong>\u00c0 ce propos, 83% des Fran\u00e7ais souhaitent que l&rsquo;on exige d\u00e9sormais des joueurs s\u00e9lectionn\u00e9s en \u00e9quipe de France de chanter la marseillaise avant les matchs.<\/strong>&nbsp;Certes,&nbsp;la question de l\u2019hymne, qui a \u00e9t\u00e9 port\u00e9e dans l\u2019espace public par Jean-Marie Le Pen en 1996, est soutenue plus \u00e0 la droite de la droite (91% chez les sympathisants RN) qu\u2019\u00e0 la gauche de la gauche (74% chez les sympathisants LFI).&nbsp;Mais cette exigence est majoritaire dans toutes les cat\u00e9gories de population, y compris chez les minorit\u00e9s ethniques ou religieuses.<\/p>\n\n\n\n<p><strong>Pour les Fran\u00e7ais, le choix de la pr\u00e9sence de Karim Benzema dans l\u2019\u00e9quipe, et le jugement sur ses d\u00e9clarations pass\u00e9es, reposent donc moins sur son niveau de jeu que sur des ressorts d\u2019ordre politique, voire identitaire au regard des puissants clivages ethniques et culturels qu\u2019ils mettent en exergue. Constituant pour une part de la soci\u00e9t\u00e9 un symbole de cette France issue de l&rsquo;immigration et vivant dans les quartiers populaires, ce joueur g\u00e9n\u00e8re des r\u00e9actions en cela tr\u00e8s r\u00e9v\u00e9latrices du \u00ab malaise soci\u00e9tal \u00bb fran\u00e7ais.<\/strong><\/p>\n\n\n\n<p>Thomas Pierre. Charg\u00e9 d&rsquo;\u00e9tude \u00e0 l&rsquo;IFOP.<\/p>\n\n\n\n<h2 class=\"wp-block-heading\"><span class=\"ez-toc-section\" id=\"Plus_dinformations_sur_ce_sondage\"><\/span>Plus d&rsquo;informations sur ce sondage<span class=\"ez-toc-section-end\"><\/span><\/h2>\n\n\n\n<p>Ce sondage a \u00e9t\u00e9 r\u00e9alis\u00e9 les 27 et 28 mai 2021 aupr\u00e8s d&rsquo;un \u00e9chantillon de 1513 personnes, repr\u00e9sentatif de la population fran\u00e7aise \u00e2g\u00e9e de 18 ans et plus. La repr\u00e9sentativit\u00e9 de l&rsquo;\u00e9chantillon a \u00e9t\u00e9 assur\u00e9e par la m\u00e9thode des quotas (sex, \u00e2ge, profession) apr\u00e8s stratification par r\u00e9gion et cat\u00e9gorie d&rsquo;agglom\u00e9ration. Cette \u00e9tude r\u00e9alis\u00e9e par l&rsquo;IFOP a \u00e9t\u00e9 command\u00e9e par France-Pronos.com <\/p>\n\n\n\n<p>Si vous souhaitez utiliser ces donn\u00e9es pour analyser, interpr\u00e9ter ou r\u00e9agir nous vous prions de bien vouloir nous citer avec un lien hypertexte en source. <\/p>\n\n\n\n<p><a href=\"https:\/\/www.france-pronos.com\/blog\/wp-content\/uploads\/2021\/06\/Rapport_Ifop_FP_Euro_2021.06.01.pdf\" target=\"_blank\" rel=\"noreferrer noopener\">T\u00e9l\u00e9charger le rapport complet<\/a> de ce sondage au format pdf<\/p>\n\n\n<div class=\"message-box relative dark\" style=\"padding-top:15px;padding-bottom:15px;\"><div class=\"message-box-bg-image bg-fill fill\" ><\/div><div class=\"message-box-bg-overlay bg-fill fill\" style=\"background-color:rgb(3, 84, 173);\"><\/div><div class=\"container relative\"><div class=\"inner last-reset\">\r\n\r\n<div class=\"row align-middle align-center\"  id=\"row-1866404973\">\r\n\r\n\n\t<div id=\"col-554217384\" class=\"col medium-9 small-12 large-9\"  >\n\t\t<div class=\"col-inner\"  >\n\t\t\t\n\t\t\t\r\n<p style=\"text-align: left;\"><span style=\"color: #ffe600;\"><span style=\"font-size: 17.28px;\"><b><span style=\"color: #ffffff;\">Tu veux changer ta mani\u00e8re de parier ?<\/span>\r\n<\/b><\/span><\/span><\/p>\r\n\r\n<div style=\"text-align: justify;\">Chaque mois, avec France Pronos, tu b\u00e9n\u00e9ficies de conseils techniques, de formations et de pronostics dispens\u00e9s par des experts. Am\u00e9liore ton niveau en pari sportif avec France Pronos !<\/div>\r\n\t<div id=\"gap-1483735483\" class=\"gap-element clearfix show-for-small\" style=\"display:block; height:auto;\">\n\t\t\n<style>\n#gap-1483735483 {\n  padding-top: 20px;\n}\n@media (min-width:550px) {\n  #gap-1483735483 {\n    padding-top: 30px;\n  }\n}\n<\/style>\n\t<\/div>\n\t\r\n\r\n\t\t<\/div>\n\t\t\t<\/div>\n\n\t\r\n\n\t<div id=\"col-558987231\" class=\"col medium-3 small-12 large-3\"  >\n\t\t<div class=\"col-inner text-center\"  >\n\t\t\t\n\t\t\t\r\n\r\n<a href=\"https:\/\/www.france-pronos.com\/sign-up?source=blog\" target=\"_self\" class=\"button secondary expand\"  style=\"border-radius:49px;\">\n    <span>S'inscrire<\/span>\n  <\/a>\n\r\n\r\n\t\t<\/div>\n\t\t\t<\/div>\n\n\t\r\n\r\n<\/div>\r\n\r\n<\/div><\/div><\/div>\n\n\n<p><\/p>\n\n\n\n<p><\/p>\n\n\n","protected":false},"excerpt":{"rendered":"<p>A l&rsquo;occasion du grand retour de Karim Benzema en bleu, ce mercredi, contre les Pays de Galles, France-Pronos.com a command&eacute; &agrave; l&rsquo;Ifop une enqu&ecirc;te cherchant &agrave; mesurer les espoirs mais aussi les craintes suscit&eacute;es par la s&eacute;lection d&rsquo;un joueur dont le talent actuel n&rsquo;efface pas un pass&eacute; entach&eacute; de nombreuses pol&eacute;miques. R&eacute;alis&eacute;e aupr&egrave;s d&rsquo;aupr&egrave;s d&rsquo;un [&#8230;]\n","protected":false},"author":14,"featured_media":10448,"comment_status":"open","ping_status":"open","sticky":false,"template":"","format":"standard","meta":{"_uag_custom_page_level_css":"","footnotes":""},"categories":[107],"tags":[],"featured_image_urls":{"full":["https:\/\/www.france-pronos.com\/blog\/wp-content\/uploads\/2021\/06\/visuel_blog_sondage_2.jpg",801,451,false],"thumbnail":["https:\/\/www.france-pronos.com\/blog\/wp-content\/uploads\/2021\/06\/visuel_blog_sondage_2-280x280.jpg",280,280,true],"medium":["https:\/\/www.france-pronos.com\/blog\/wp-content\/uploads\/2021\/06\/visuel_blog_sondage_2-710x400.jpg",710,400,true],"medium_large":["https:\/\/www.france-pronos.com\/blog\/wp-content\/uploads\/2021\/06\/visuel_blog_sondage_2-768x432.jpg",768,432,true],"large":["https:\/\/www.france-pronos.com\/blog\/wp-content\/uploads\/2021\/06\/visuel_blog_sondage_2.jpg",801,451,false],"xl":["https:\/\/www.france-pronos.com\/blog\/wp-content\/uploads\/2021\/06\/visuel_blog_sondage_2.jpg",801,451,false],"xxl":["https:\/\/www.france-pronos.com\/blog\/wp-content\/uploads\/2021\/06\/visuel_blog_sondage_2.jpg",801,451,false],"xxxl":["https:\/\/www.france-pronos.com\/blog\/wp-content\/uploads\/2021\/06\/visuel_blog_sondage_2.jpg",801,451,false],"xxxxl":["https:\/\/www.france-pronos.com\/blog\/wp-content\/uploads\/2021\/06\/visuel_blog_sondage_2.jpg",801,451,false],"xxxxxl":["https:\/\/www.france-pronos.com\/blog\/wp-content\/uploads\/2021\/06\/visuel_blog_sondage_2.jpg",801,451,false],"1536x1536":["https:\/\/www.france-pronos.com\/blog\/wp-content\/uploads\/2021\/06\/visuel_blog_sondage_2.jpg",801,451,false],"2048x2048":["https:\/\/www.france-pronos.com\/blog\/wp-content\/uploads\/2021\/06\/visuel_blog_sondage_2.jpg",801,451,false]},"post_excerpt_stackable":"<p>Re&ccedil;ois + de 250 pronostics sportifs par mois publi&eacute;s par des experts France Pronos c&rsquo;est l&rsquo;union de + de 10 experts. Chaque tipster, sp&eacute;cialis&eacute; dans sa discipline, analyse son sport et publie son pronostic d&egrave;s qu&rsquo;il a trouv&eacute; une cible. Rejoins une communaut&eacute; de + de 100.000 parieurs qui suit quotidiennement les experts de France Pronos. Nos analyses ne garantissent pas les gains. Jouez responsable ! En savoir + A l&rsquo;occasion du grand retour de Karim Benzema en bleu, ce mercredi, contre les Pays de Galles, France-Pronos.com a command&eacute; &agrave; l&rsquo;Ifop une enqu&ecirc;te cherchant &agrave; mesurer les espoirs mais aussi\u2026<\/p>\n","category_list":"<a href=\"https:\/\/www.france-pronos.com\/blog\/.\/paris-sportifs\/\" rel=\"category tag\">Paris Sportifs<\/a>","author_info":{"name":"Xavier","url":"https:\/\/www.france-pronos.com\/blog\/author\/xavier\/"},"comments_num":"2 commentaires","featured_image_urls_v2":{"full":["https:\/\/www.france-pronos.com\/blog\/wp-content\/uploads\/2021\/06\/visuel_blog_sondage_2.jpg",801,451,false],"thumbnail":["https:\/\/www.france-pronos.com\/blog\/wp-content\/uploads\/2021\/06\/visuel_blog_sondage_2-280x280.jpg",280,280,true],"medium":["https:\/\/www.france-pronos.com\/blog\/wp-content\/uploads\/2021\/06\/visuel_blog_sondage_2-710x400.jpg",710,400,true],"medium_large":["https:\/\/www.france-pronos.com\/blog\/wp-content\/uploads\/2021\/06\/visuel_blog_sondage_2-768x432.jpg",768,432,true],"large":["https:\/\/www.france-pronos.com\/blog\/wp-content\/uploads\/2021\/06\/visuel_blog_sondage_2.jpg",801,451,false],"xl":["https:\/\/www.france-pronos.com\/blog\/wp-content\/uploads\/2021\/06\/visuel_blog_sondage_2.jpg",801,451,false],"xxl":["https:\/\/www.france-pronos.com\/blog\/wp-content\/uploads\/2021\/06\/visuel_blog_sondage_2.jpg",801,451,false],"xxxl":["https:\/\/www.france-pronos.com\/blog\/wp-content\/uploads\/2021\/06\/visuel_blog_sondage_2.jpg",801,451,false],"xxxxl":["https:\/\/www.france-pronos.com\/blog\/wp-content\/uploads\/2021\/06\/visuel_blog_sondage_2.jpg",801,451,false],"xxxxxl":["https:\/\/www.france-pronos.com\/blog\/wp-content\/uploads\/2021\/06\/visuel_blog_sondage_2.jpg",801,451,false],"1536x1536":["https:\/\/www.france-pronos.com\/blog\/wp-content\/uploads\/2021\/06\/visuel_blog_sondage_2.jpg",801,451,false],"2048x2048":["https:\/\/www.france-pronos.com\/blog\/wp-content\/uploads\/2021\/06\/visuel_blog_sondage_2.jpg",801,451,false]},"post_excerpt_stackable_v2":"<p>Re&ccedil;ois + de 250 pronostics sportifs par mois publi&eacute;s par des experts France Pronos c&rsquo;est l&rsquo;union de + de 10 experts. Chaque tipster, sp&eacute;cialis&eacute; dans sa discipline, analyse son sport et publie son pronostic d&egrave;s qu&rsquo;il a trouv&eacute; une cible. Rejoins une communaut&eacute; de + de 100.000 parieurs qui suit quotidiennement les experts de France Pronos. Nos analyses ne garantissent pas les gains. Jouez responsable ! En savoir + A l&rsquo;occasion du grand retour de Karim Benzema en bleu, ce mercredi, contre les Pays de Galles, France-Pronos.com a command&eacute; &agrave; l&rsquo;Ifop une enqu&ecirc;te cherchant &agrave; mesurer les espoirs mais aussi\u2026<\/p>\n","category_list_v2":"<a href=\"https:\/\/www.france-pronos.com\/blog\/.\/paris-sportifs\/\" rel=\"category tag\">Paris Sportifs<\/a>","author_info_v2":{"name":"Xavier","url":"https:\/\/www.france-pronos.com\/blog\/author\/xavier\/"},"comments_num_v2":"2 commentaires","fpseotitle":"Sondage retour de Benzema","yoast_head":"<!-- This site is optimized with the Yoast SEO plugin v21.3 - https:\/\/yoast.com\/wordpress\/plugins\/seo\/ -->\n<title>Sondage IFOP Euro football, deschamps, benzema... | France Pronos<\/title>\n<meta name=\"description\" content=\"L&#039;\u00e9quipe de France va t&#039;elle acc\u00e9der \u00e0 la finale ? Didier Deschamps a t&#039;il pris une bonne d\u00e9cision en s\u00e9lectionnant Karim Benzema ?\" \/>\n<meta name=\"robots\" content=\"index, follow, max-snippet:-1, max-image-preview:large, max-video-preview:-1\" \/>\n<link rel=\"canonical\" href=\"https:\/\/www.france-pronos.com\/blog\/paris-sportifs\/sondage-etude-ifop-les-francais-et-le-retour-de-benzema-en-selection-un-passe-qui-ne-passe-pas\/\" \/>\n<meta property=\"og:locale\" content=\"fr_FR\" \/>\n<meta property=\"og:type\" content=\"article\" \/>\n<meta property=\"og:title\" content=\"Sondage IFOP Euro football, deschamps, benzema... | France Pronos\" \/>\n<meta property=\"og:description\" content=\"L&#039;\u00e9quipe de France va t&#039;elle acc\u00e9der \u00e0 la finale ? Didier Deschamps a t&#039;il pris une bonne d\u00e9cision en s\u00e9lectionnant Karim Benzema ?\" \/>\n<meta property=\"og:url\" content=\"https:\/\/www.france-pronos.com\/blog\/paris-sportifs\/sondage-etude-ifop-les-francais-et-le-retour-de-benzema-en-selection-un-passe-qui-ne-passe-pas\/\" \/>\n<meta property=\"og:site_name\" content=\"France Pronos\" \/>\n<meta property=\"article:publisher\" content=\"https:\/\/www.facebook.com\/francepronos\" \/>\n<meta property=\"article:published_time\" content=\"2021-06-02T10:00:00+00:00\" \/>\n<meta property=\"article:modified_time\" content=\"2024-02-13T18:33:25+00:00\" \/>\n<meta property=\"og:image\" content=\"https:\/\/www.france-pronos.com\/blog\/wp-content\/uploads\/2021\/06\/visuel_blog_sondage_2.jpg\" \/>\n\t<meta property=\"og:image:width\" content=\"801\" \/>\n\t<meta property=\"og:image:height\" content=\"451\" \/>\n\t<meta property=\"og:image:type\" content=\"image\/jpeg\" \/>\n<meta name=\"author\" content=\"Xavier\" \/>\n<meta name=\"twitter:card\" content=\"summary_large_image\" \/>\n<meta name=\"twitter:label1\" content=\"\u00c9crit par\" \/>\n\t<meta name=\"twitter:data1\" content=\"Xavier\" \/>\n\t<meta name=\"twitter:label2\" content=\"Dur\u00e9e de lecture estim\u00e9e\" \/>\n\t<meta name=\"twitter:data2\" content=\"9 minutes\" \/>\n<script type=\"application\/ld+json\" class=\"yoast-schema-graph\">{\"@context\":\"https:\/\/schema.org\",\"@graph\":[{\"@type\":\"Article\",\"@id\":\"https:\/\/www.france-pronos.com\/blog\/paris-sportifs\/sondage-etude-ifop-les-francais-et-le-retour-de-benzema-en-selection-un-passe-qui-ne-passe-pas\/#article\",\"isPartOf\":{\"@id\":\"https:\/\/www.france-pronos.com\/blog\/paris-sportifs\/sondage-etude-ifop-les-francais-et-le-retour-de-benzema-en-selection-un-passe-qui-ne-passe-pas\/\"},\"author\":{\"name\":\"Xavier\",\"@id\":\"https:\/\/www.france-pronos.com\/blog\/#\/schema\/person\/9ef395381a4d4a41f48df1bf736e6140\"},\"headline\":\"Sondage &#038; \u00e9tude IFOP. Les fran\u00e7ais et le retour de Benzema en s\u00e9lection : un pass\u00e9 qui ne passe pas ?\",\"datePublished\":\"2021-06-02T10:00:00+00:00\",\"dateModified\":\"2024-02-13T18:33:25+00:00\",\"mainEntityOfPage\":{\"@id\":\"https:\/\/www.france-pronos.com\/blog\/paris-sportifs\/sondage-etude-ifop-les-francais-et-le-retour-de-benzema-en-selection-un-passe-qui-ne-passe-pas\/\"},\"wordCount\":1835,\"commentCount\":2,\"publisher\":{\"@id\":\"https:\/\/www.france-pronos.com\/blog\/#organization\"},\"articleSection\":[\"Paris Sportifs\"],\"inLanguage\":\"fr-FR\",\"potentialAction\":[{\"@type\":\"CommentAction\",\"name\":\"Comment\",\"target\":[\"https:\/\/www.france-pronos.com\/blog\/paris-sportifs\/sondage-etude-ifop-les-francais-et-le-retour-de-benzema-en-selection-un-passe-qui-ne-passe-pas\/#respond\"]}]},{\"@type\":\"WebPage\",\"@id\":\"https:\/\/www.france-pronos.com\/blog\/paris-sportifs\/sondage-etude-ifop-les-francais-et-le-retour-de-benzema-en-selection-un-passe-qui-ne-passe-pas\/\",\"url\":\"https:\/\/www.france-pronos.com\/blog\/paris-sportifs\/sondage-etude-ifop-les-francais-et-le-retour-de-benzema-en-selection-un-passe-qui-ne-passe-pas\/\",\"name\":\"Sondage IFOP Euro football, deschamps, benzema... | France Pronos\",\"isPartOf\":{\"@id\":\"https:\/\/www.france-pronos.com\/blog\/#website\"},\"datePublished\":\"2021-06-02T10:00:00+00:00\",\"dateModified\":\"2024-02-13T18:33:25+00:00\",\"description\":\"L'\u00e9quipe de France va t'elle acc\u00e9der \u00e0 la finale ? Didier Deschamps a t'il pris une bonne d\u00e9cision en s\u00e9lectionnant Karim Benzema ?\",\"breadcrumb\":{\"@id\":\"https:\/\/www.france-pronos.com\/blog\/paris-sportifs\/sondage-etude-ifop-les-francais-et-le-retour-de-benzema-en-selection-un-passe-qui-ne-passe-pas\/#breadcrumb\"},\"inLanguage\":\"fr-FR\",\"potentialAction\":[{\"@type\":\"ReadAction\",\"target\":[\"https:\/\/www.france-pronos.com\/blog\/paris-sportifs\/sondage-etude-ifop-les-francais-et-le-retour-de-benzema-en-selection-un-passe-qui-ne-passe-pas\/\"]}]},{\"@type\":\"BreadcrumbList\",\"@id\":\"https:\/\/www.france-pronos.com\/blog\/paris-sportifs\/sondage-etude-ifop-les-francais-et-le-retour-de-benzema-en-selection-un-passe-qui-ne-passe-pas\/#breadcrumb\",\"itemListElement\":[{\"@type\":\"ListItem\",\"position\":1,\"name\":\"Accueil\",\"item\":\"https:\/\/www.france-pronos.com\/blog\/\"},{\"@type\":\"ListItem\",\"position\":2,\"name\":\"Paris Sportifs\",\"item\":\"https:\/\/www.france-pronos.com\/blog\/.\/paris-sportifs\/\"},{\"@type\":\"ListItem\",\"position\":3,\"name\":\"Sondage &#038; \u00e9tude IFOP. Les fran\u00e7ais et le retour de Benzema en s\u00e9lection : un pass\u00e9 qui ne passe pas ?\"}]},{\"@type\":\"WebSite\",\"@id\":\"https:\/\/www.france-pronos.com\/blog\/#website\",\"url\":\"https:\/\/www.france-pronos.com\/blog\/\",\"name\":\"France Pronos\",\"description\":\"\",\"publisher\":{\"@id\":\"https:\/\/www.france-pronos.com\/blog\/#organization\"},\"potentialAction\":[{\"@type\":\"SearchAction\",\"target\":{\"@type\":\"EntryPoint\",\"urlTemplate\":\"https:\/\/www.france-pronos.com\/blog\/?s={search_term_string}\"},\"query-input\":\"required name=search_term_string\"}],\"inLanguage\":\"fr-FR\"},{\"@type\":\"Organization\",\"@id\":\"https:\/\/www.france-pronos.com\/blog\/#organization\",\"name\":\"Charles.co\",\"url\":\"https:\/\/www.france-pronos.com\/blog\/\",\"logo\":{\"@type\":\"ImageObject\",\"inLanguage\":\"fr-FR\",\"@id\":\"https:\/\/www.france-pronos.com\/blog\/#\/schema\/logo\/image\/\",\"url\":\"https:\/\/www.france-pronos.com\/blog\/wp-content\/uploads\/2020\/07\/Marquage-CharlesCo-1-1.png\",\"contentUrl\":\"https:\/\/www.france-pronos.com\/blog\/wp-content\/uploads\/2020\/07\/Marquage-CharlesCo-1-1.png\",\"width\":150,\"height\":36,\"caption\":\"Charles.co\"},\"image\":{\"@id\":\"https:\/\/www.france-pronos.com\/blog\/#\/schema\/logo\/image\/\"},\"sameAs\":[\"https:\/\/www.facebook.com\/francepronos\",\"https:\/\/www.instagram.com\/france_pronos\",\"https:\/\/www.youtube.com\/c\/francepronos\"]},{\"@type\":\"Person\",\"@id\":\"https:\/\/www.france-pronos.com\/blog\/#\/schema\/person\/9ef395381a4d4a41f48df1bf736e6140\",\"name\":\"Xavier\"}]}<\/script>\n<!-- \/ Yoast SEO plugin. -->","yoast_head_json":{"title":"Sondage IFOP Euro football, deschamps, benzema... | France Pronos","description":"L'\u00e9quipe de France va t'elle acc\u00e9der \u00e0 la finale ? Didier Deschamps a t'il pris une bonne d\u00e9cision en s\u00e9lectionnant Karim Benzema ?","robots":{"index":"index","follow":"follow","max-snippet":"max-snippet:-1","max-image-preview":"max-image-preview:large","max-video-preview":"max-video-preview:-1"},"canonical":"https:\/\/www.france-pronos.com\/blog\/paris-sportifs\/sondage-etude-ifop-les-francais-et-le-retour-de-benzema-en-selection-un-passe-qui-ne-passe-pas\/","og_locale":"fr_FR","og_type":"article","og_title":"Sondage IFOP Euro football, deschamps, benzema... | France Pronos","og_description":"L'\u00e9quipe de France va t'elle acc\u00e9der \u00e0 la finale ? Didier Deschamps a t'il pris une bonne d\u00e9cision en s\u00e9lectionnant Karim Benzema ?","og_url":"https:\/\/www.france-pronos.com\/blog\/paris-sportifs\/sondage-etude-ifop-les-francais-et-le-retour-de-benzema-en-selection-un-passe-qui-ne-passe-pas\/","og_site_name":"France Pronos","article_publisher":"https:\/\/www.facebook.com\/francepronos","article_published_time":"2021-06-02T10:00:00+00:00","article_modified_time":"2024-02-13T18:33:25+00:00","og_image":[{"width":801,"height":451,"url":"https:\/\/www.france-pronos.com\/blog\/wp-content\/uploads\/2021\/06\/visuel_blog_sondage_2.jpg","type":"image\/jpeg"}],"author":"Xavier","twitter_card":"summary_large_image","twitter_misc":{"\u00c9crit par":"Xavier","Dur\u00e9e de lecture estim\u00e9e":"9 minutes"},"schema":{"@context":"https:\/\/schema.org","@graph":[{"@type":"Article","@id":"https:\/\/www.france-pronos.com\/blog\/paris-sportifs\/sondage-etude-ifop-les-francais-et-le-retour-de-benzema-en-selection-un-passe-qui-ne-passe-pas\/#article","isPartOf":{"@id":"https:\/\/www.france-pronos.com\/blog\/paris-sportifs\/sondage-etude-ifop-les-francais-et-le-retour-de-benzema-en-selection-un-passe-qui-ne-passe-pas\/"},"author":{"name":"Xavier","@id":"https:\/\/www.france-pronos.com\/blog\/#\/schema\/person\/9ef395381a4d4a41f48df1bf736e6140"},"headline":"Sondage &#038; \u00e9tude IFOP. Les fran\u00e7ais et le retour de Benzema en s\u00e9lection : un pass\u00e9 qui ne passe pas ?","datePublished":"2021-06-02T10:00:00+00:00","dateModified":"2024-02-13T18:33:25+00:00","mainEntityOfPage":{"@id":"https:\/\/www.france-pronos.com\/blog\/paris-sportifs\/sondage-etude-ifop-les-francais-et-le-retour-de-benzema-en-selection-un-passe-qui-ne-passe-pas\/"},"wordCount":1835,"commentCount":2,"publisher":{"@id":"https:\/\/www.france-pronos.com\/blog\/#organization"},"articleSection":["Paris Sportifs"],"inLanguage":"fr-FR","potentialAction":[{"@type":"CommentAction","name":"Comment","target":["https:\/\/www.france-pronos.com\/blog\/paris-sportifs\/sondage-etude-ifop-les-francais-et-le-retour-de-benzema-en-selection-un-passe-qui-ne-passe-pas\/#respond"]}]},{"@type":"WebPage","@id":"https:\/\/www.france-pronos.com\/blog\/paris-sportifs\/sondage-etude-ifop-les-francais-et-le-retour-de-benzema-en-selection-un-passe-qui-ne-passe-pas\/","url":"https:\/\/www.france-pronos.com\/blog\/paris-sportifs\/sondage-etude-ifop-les-francais-et-le-retour-de-benzema-en-selection-un-passe-qui-ne-passe-pas\/","name":"Sondage IFOP Euro football, deschamps, benzema... | France Pronos","isPartOf":{"@id":"https:\/\/www.france-pronos.com\/blog\/#website"},"datePublished":"2021-06-02T10:00:00+00:00","dateModified":"2024-02-13T18:33:25+00:00","description":"L'\u00e9quipe de France va t'elle acc\u00e9der \u00e0 la finale ? Didier Deschamps a t'il pris une bonne d\u00e9cision en s\u00e9lectionnant Karim Benzema ?","breadcrumb":{"@id":"https:\/\/www.france-pronos.com\/blog\/paris-sportifs\/sondage-etude-ifop-les-francais-et-le-retour-de-benzema-en-selection-un-passe-qui-ne-passe-pas\/#breadcrumb"},"inLanguage":"fr-FR","potentialAction":[{"@type":"ReadAction","target":["https:\/\/www.france-pronos.com\/blog\/paris-sportifs\/sondage-etude-ifop-les-francais-et-le-retour-de-benzema-en-selection-un-passe-qui-ne-passe-pas\/"]}]},{"@type":"BreadcrumbList","@id":"https:\/\/www.france-pronos.com\/blog\/paris-sportifs\/sondage-etude-ifop-les-francais-et-le-retour-de-benzema-en-selection-un-passe-qui-ne-passe-pas\/#breadcrumb","itemListElement":[{"@type":"ListItem","position":1,"name":"Accueil","item":"https:\/\/www.france-pronos.com\/blog\/"},{"@type":"ListItem","position":2,"name":"Paris Sportifs","item":"https:\/\/www.france-pronos.com\/blog\/.\/paris-sportifs\/"},{"@type":"ListItem","position":3,"name":"Sondage &#038; \u00e9tude IFOP. Les fran\u00e7ais et le retour de Benzema en s\u00e9lection : un pass\u00e9 qui ne passe pas ?"}]},{"@type":"WebSite","@id":"https:\/\/www.france-pronos.com\/blog\/#website","url":"https:\/\/www.france-pronos.com\/blog\/","name":"France Pronos","description":"","publisher":{"@id":"https:\/\/www.france-pronos.com\/blog\/#organization"},"potentialAction":[{"@type":"SearchAction","target":{"@type":"EntryPoint","urlTemplate":"https:\/\/www.france-pronos.com\/blog\/?s={search_term_string}"},"query-input":"required name=search_term_string"}],"inLanguage":"fr-FR"},{"@type":"Organization","@id":"https:\/\/www.france-pronos.com\/blog\/#organization","name":"Charles.co","url":"https:\/\/www.france-pronos.com\/blog\/","logo":{"@type":"ImageObject","inLanguage":"fr-FR","@id":"https:\/\/www.france-pronos.com\/blog\/#\/schema\/logo\/image\/","url":"https:\/\/www.france-pronos.com\/blog\/wp-content\/uploads\/2020\/07\/Marquage-CharlesCo-1-1.png","contentUrl":"https:\/\/www.france-pronos.com\/blog\/wp-content\/uploads\/2020\/07\/Marquage-CharlesCo-1-1.png","width":150,"height":36,"caption":"Charles.co"},"image":{"@id":"https:\/\/www.france-pronos.com\/blog\/#\/schema\/logo\/image\/"},"sameAs":["https:\/\/www.facebook.com\/francepronos","https:\/\/www.instagram.com\/france_pronos","https:\/\/www.youtube.com\/c\/francepronos"]},{"@type":"Person","@id":"https:\/\/www.france-pronos.com\/blog\/#\/schema\/person\/9ef395381a4d4a41f48df1bf736e6140","name":"Xavier"}]}},"uagb_featured_image_src":{"full":["https:\/\/www.france-pronos.com\/blog\/wp-content\/uploads\/2021\/06\/visuel_blog_sondage_2.jpg",801,451,false],"thumbnail":["https:\/\/www.france-pronos.com\/blog\/wp-content\/uploads\/2021\/06\/visuel_blog_sondage_2-280x280.jpg",280,280,true],"medium":["https:\/\/www.france-pronos.com\/blog\/wp-content\/uploads\/2021\/06\/visuel_blog_sondage_2-710x400.jpg",710,400,true],"medium_large":["https:\/\/www.france-pronos.com\/blog\/wp-content\/uploads\/2021\/06\/visuel_blog_sondage_2-768x432.jpg",768,432,true],"large":["https:\/\/www.france-pronos.com\/blog\/wp-content\/uploads\/2021\/06\/visuel_blog_sondage_2.jpg",801,451,false],"xl":["https:\/\/www.france-pronos.com\/blog\/wp-content\/uploads\/2021\/06\/visuel_blog_sondage_2.jpg",801,451,false],"xxl":["https:\/\/www.france-pronos.com\/blog\/wp-content\/uploads\/2021\/06\/visuel_blog_sondage_2.jpg",801,451,false],"xxxl":["https:\/\/www.france-pronos.com\/blog\/wp-content\/uploads\/2021\/06\/visuel_blog_sondage_2.jpg",801,451,false],"xxxxl":["https:\/\/www.france-pronos.com\/blog\/wp-content\/uploads\/2021\/06\/visuel_blog_sondage_2.jpg",801,451,false],"xxxxxl":["https:\/\/www.france-pronos.com\/blog\/wp-content\/uploads\/2021\/06\/visuel_blog_sondage_2.jpg",801,451,false],"1536x1536":["https:\/\/www.france-pronos.com\/blog\/wp-content\/uploads\/2021\/06\/visuel_blog_sondage_2.jpg",801,451,false],"2048x2048":["https:\/\/www.france-pronos.com\/blog\/wp-content\/uploads\/2021\/06\/visuel_blog_sondage_2.jpg",801,451,false]},"uagb_author_info":{"display_name":"Xavier","author_link":"https:\/\/www.france-pronos.com\/blog\/author\/xavier\/"},"uagb_comment_info":2,"uagb_excerpt":"A l&rsquo;occasion du grand retour de Karim Benzema en bleu, ce mercredi, contre les Pays de Galles, France-Pronos.com a command&eacute; &agrave; l&rsquo;Ifop une enqu&ecirc;te cherchant &agrave; mesurer les espoirs mais aussi les craintes suscit&eacute;es par la s&eacute;lection d&rsquo;un joueur dont le talent actuel n&rsquo;efface pas un pass&eacute; entach&eacute; de nombreuses pol&eacute;miques. R&eacute;alis&eacute;e aupr&egrave;s d&rsquo;aupr&egrave;s d&rsquo;un\u2026","_links":{"self":[{"href":"https:\/\/www.france-pronos.com\/blog\/wp-json\/wp\/v2\/posts\/10449"}],"collection":[{"href":"https:\/\/www.france-pronos.com\/blog\/wp-json\/wp\/v2\/posts"}],"about":[{"href":"https:\/\/www.france-pronos.com\/blog\/wp-json\/wp\/v2\/types\/post"}],"author":[{"embeddable":true,"href":"https:\/\/www.france-pronos.com\/blog\/wp-json\/wp\/v2\/users\/14"}],"replies":[{"embeddable":true,"href":"https:\/\/www.france-pronos.com\/blog\/wp-json\/wp\/v2\/comments?post=10449"}],"version-history":[{"count":11,"href":"https:\/\/www.france-pronos.com\/blog\/wp-json\/wp\/v2\/posts\/10449\/revisions"}],"predecessor-version":[{"id":11697,"href":"https:\/\/www.france-pronos.com\/blog\/wp-json\/wp\/v2\/posts\/10449\/revisions\/11697"}],"wp:featuredmedia":[{"embeddable":true,"href":"https:\/\/www.france-pronos.com\/blog\/wp-json\/wp\/v2\/media\/10448"}],"wp:attachment":[{"href":"https:\/\/www.france-pronos.com\/blog\/wp-json\/wp\/v2\/media?parent=10449"}],"wp:term":[{"taxonomy":"category","embeddable":true,"href":"https:\/\/www.france-pronos.com\/blog\/wp-json\/wp\/v2\/categories?post=10449"},{"taxonomy":"post_tag","embeddable":true,"href":"https:\/\/www.france-pronos.com\/blog\/wp-json\/wp\/v2\/tags?post=10449"}],"curies":[{"name":"wp","href":"https:\/\/api.w.org\/{rel}","templated":true}]}}